{"id":3693,"date":"2026-09-01T07:09:55","date_gmt":"2026-09-01T05:09:55","guid":{"rendered":"https:\/\/yanus.at\/?p=3693"},"modified":"2026-09-01T07:09:55","modified_gmt":"2026-09-01T05:09:55","slug":"chinas-handelsueberschuss-erreicht-eine-billion-dollar-kritik-kommt-dazu-von-den-usa","status":"publish","type":"post","link":"https:\/\/yanus.at\/ru\/chinas-handelsueberschuss-erreicht-eine-billion-dollar-kritik-kommt-dazu-von-den-usa\/","title":{"rendered":"Chinas Handels\u00fcberschuss erreicht eine Billion Dollar &#8211; Kritik kommt dazu von den USA"},"content":{"rendered":"<p class=\"wp-block-paragraph\">Beim Treffen der G20-Finanzminister in Asheville, North Carolina, hat US-Finanzminister Scott Bessent den globalen Handels\u00fcberschuss Chinas angesprochen. <\/p>\n\n\n\n<p class=\"wp-block-paragraph\">In seiner Er\u00f6ffnungsrede sprach er von \u201eanhaltenden globalen Ungleichgewichten, die den Wohlstand untergraben\u201c. <\/p>\n\n\n\n<p class=\"wp-block-paragraph\">Die \u00c4u\u00dferungen fielen wenige Wochen vor einem geplanten bilateralen Gipfeltreffen zwischen dem chinesischen Pr\u00e4sidenten Xi Jinping und US-Pr\u00e4sident Donald Trump in Washington.<\/p>\n\n\n\n<h3 class=\"wp-block-heading\">Die USA und die G20-Pr\u00e4sidentschaft 2026<\/h3>\n\n\n\n<p class=\"wp-block-paragraph\">Die Vereinigten Staaten haben 2026 turnusgem\u00e4\u00df den Vorsitz der G20 inne, jenem Zusammenschluss der 19 wichtigsten Industrie- und Schwellenl\u00e4nder sowie der EU und der Afrikanischen Union. <\/p>\n\n\n\n<p class=\"wp-block-paragraph\">Als Gastgeber setzt Washington damit auch inhaltliche Schwerpunkte f\u00fcr die Tagesordnung der Finanzminister. Mit der Thematisierung von Handelsungleichgewichten kn\u00fcpft Bessent an eine wirtschaftspolitische Linie an, die in den USA seit mehreren Jahren partei\u00fcbergreifend verfolgt wird.<\/p>\n\n\n\n<h3 class=\"wp-block-heading\">Chinas Position im globalen Handel<\/h3>\n\n\n\n<p class=\"wp-block-paragraph\">China exportierte laut chinesischer Zollbeh\u00f6rde im Jahr 2025 Waren im Wert von rund 3,58 Billionen US-Dollar, bei Importen von etwa 2,59 Billionen US-Dollar. <\/p>\n\n\n\n<p class=\"wp-block-paragraph\">Der daraus resultierende Handels\u00fcberschuss von knapp einer Billion US-Dollar gilt als einer der gr\u00f6\u00dften einzelstaatlichen Au\u00dfenhandels\u00fcbersch\u00fcsse weltweit. <\/p>\n\n\n\n<p class=\"wp-block-paragraph\">Peking begr\u00fcndet diese Entwicklung unter anderem mit der Wettbewerbsf\u00e4higkeit seiner Industrie in Bereichen wie Elektrofahrzeugen, Solartechnik und Batteriezellen.<\/p>\n\n\n\n<h3 class=\"wp-block-heading\">Der bevorstehende Xi-Trump-Gipfel<\/h3>\n\n\n\n<p class=\"wp-block-paragraph\">Der geplante Gipfel zwischen Xi Jinping und Donald Trump in Washington gilt als eines der zentralen wirtschaftspolitischen Ereignisse des Jahres. Beobachter erwarten, dass neben Handelsfragen auch Themen wie Zollpolitik, Technologieexporte und Investitionsbedingungen auf der Agenda stehen werden. Bereits in der Vergangenheit hatten bilaterale Gespr\u00e4che zwischen beiden Staaten Auswirkungen auf globale Lieferketten und B\u00f6rsenkurse gezeigt.<\/p>\n\n\n\n<p class=\"wp-block-paragraph\">F\u00fcr \u00d6sterreich und die EU sind die Gespr\u00e4che relevant, weil europ\u00e4ische Exporteure, darunter auch heimische Zulieferbetriebe der Automobil- und Maschinenbaubranche, in Lieferketten eingebunden sind, die sowohl den chinesischen als auch den US-amerikanischen Markt betreffen. <\/p>\n\n\n\n<p class=\"wp-block-paragraph\">Die Europ\u00e4ische Union verzeichnete 2025 gegen\u00fcber China ein Handelsbilanzdefizit von rund 300 Milliarden Euro, w\u00e4hrend sie gegen\u00fcber den USA einen \u00dcberschuss von etwa 150 Milliarden Euro auswies. <\/p>\n\n\n\n<p class=\"wp-block-paragraph\">Sollte es zwischen Washington und Peking zu neuen Zoll- oder Handelsvereinbarungen kommen, k\u00f6nnten sich dadurch auch Rahmenbedingungen f\u00fcr europ\u00e4ische Unternehmen ver\u00e4ndern, etwa bei Exportquoten oder Standortentscheidungen internationaler Konzerne mit Werken in \u00d6sterreich.<\/p>\n\n\n\n<p class=\"wp-block-paragraph\"><em>\u0418\u0441\u0442\u043e\u0447\u043d\u0438\u043a: \u041a\u0438\u0442\u0430\u0439 \u2014 South China Morning Post | <a href=\"https:\/\/www.scmp.com\/news\/china\/diplomacy\/article\/3365895\/us-targets-chinas-global-trade-surplus-g20-meeting-ahead-xi-trump-summit?utm_source=rss_feed\" target=\"_blank\" rel=\"noopener\">\u041e\u0440\u0438\u0433\u0438\u043d\u0430\u043b\u044c\u043d\u0430\u044f \u0441\u0442\u0430\u0442\u044c\u044f<\/a><\/em><\/p>","protected":false},"excerpt":{"rendered":"<p>Vor dem geplanten Gipfel zwischen Xi Jinping und Donald Trump macht der US-Finanzminister globale Ungleichgewichte zum Thema. Auch Europa blickt auf die Verhandlungen.<\/p>","protected":false},"author":3,"featured_media":3692,"comment_status":"open","ping_status":"open","sticky":false,"template":"","format":"standard","meta":{"colormag_page_container_layout":"default_layout","colormag_page_sidebar_layout":"default_layout","_jetpack_feature_clip_id":0,"_jetpack_memberships_contains_paid_content":false,"footnotes":"","jetpack_publicize_message":"{title}\n\n{excerpt}\n\nMehr lesen: {url}\n\n{tags}\n#YANUS","jetpack_publicize_feature_enabled":true,"jetpack_social_post_already_shared":true,"jetpack_social_options":{"image_generator_settings":{"template":"highway","default_image_id":0,"font":"","enabled":false},"version":2},"_wpas_customize_per_network":false},"categories":[47,20],"tags":[137,184,159],"class_list":["post-3693","post","type-post","status-publish","format-standard","has-post-thumbnail","hentry","category-china-asien","category-wirtschaft","tag-donald-trump","tag-scott-bessent","tag-xi-jinping"],"jetpack_publicize_connections":[],"jetpack_sharing_enabled":true,"jetpack_featured_media_url":"https:\/\/yanus.at\/wp-content\/uploads\/2026\/09\/pexels_20063688.jpg","_links":{"self":[{"href":"https:\/\/yanus.at\/ru\/wp-json\/wp\/v2\/posts\/3693","targetHints":{"allow":["GET"]}}],"collection":[{"href":"https:\/\/yanus.at\/ru\/wp-json\/wp\/v2\/posts"}],"about":[{"href":"https:\/\/yanus.at\/ru\/wp-json\/wp\/v2\/types\/post"}],"author":[{"embeddable":true,"href":"https:\/\/yanus.at\/ru\/wp-json\/wp\/v2\/users\/3"}],"replies":[{"embeddable":true,"href":"https:\/\/yanus.at\/ru\/wp-json\/wp\/v2\/comments?post=3693"}],"version-history":[{"count":1,"href":"https:\/\/yanus.at\/ru\/wp-json\/wp\/v2\/posts\/3693\/revisions"}],"predecessor-version":[{"id":3694,"href":"https:\/\/yanus.at\/ru\/wp-json\/wp\/v2\/posts\/3693\/revisions\/3694"}],"wp:featuredmedia":[{"embeddable":true,"href":"https:\/\/yanus.at\/ru\/wp-json\/wp\/v2\/media\/3692"}],"wp:attachment":[{"href":"https:\/\/yanus.at\/ru\/wp-json\/wp\/v2\/media?parent=3693"}],"wp:term":[{"taxonomy":"category","embeddable":true,"href":"https:\/\/yanus.at\/ru\/wp-json\/wp\/v2\/categories?post=3693"},{"taxonomy":"post_tag","embeddable":true,"href":"https:\/\/yanus.at\/ru\/wp-json\/wp\/v2\/tags?post=3693"}],"curies":[{"name":"wp","href":"https:\/\/api.w.org\/{rel}","templated":true}]}}